{"id":38,"date":"2018-09-30T21:09:07","date_gmt":"2018-09-30T19:09:07","guid":{"rendered":"http:\/\/nszzprac.wroclaw.herbapol.pl\/?p=38"},"modified":"2018-09-30T21:35:00","modified_gmt":"2018-09-30T19:35:00","slug":"o-nas","status":"publish","type":"post","link":"http:\/\/www.nszzprac.wroclaw.herbapol.pl\/index.php\/2018\/09\/30\/o-nas\/","title":{"rendered":"Historia Powstania Zwi\u0105zk\u00f3w Pracowniczych"},"content":{"rendered":"<p>W dniu 10 lutego 1983 r. S\u0105d Wojew\u00f3dzki Wydz. Cywilny we Wroc\u0142awiu na podstawie wniosku Komitetu Za\u0142o\u017cycielskiego Niezale\u017cnego Samorz\u0105dnego Zwi\u0105zku Zawodowego Pracownik\u00f3w Wroc\u0142awskich Zak\u0142ad\u00f3w Zielarskich \u201eHerbapol\u201d we Wroc\u0142awiu wpisa\u0142 do rejestru zwi\u0105zk\u00f3w zawodowych Niezale\u017cny Samorz\u0105dny Zwi\u0105zek Zawodowy Pracownik\u00f3w Wroc\u0142awskich Zak\u0142ad\u00f3w Zielarskich \u201eHerbapol\u201d, dzia\u0142aj\u0105cy na obszarze Wroc\u0142awia, Legnicy, Stanowic, Nysy, Kluczborka reprezentowany przez upowa\u017cnionych przedstawicieli Komitetu Za\u0142o\u017cycielskiego w sk\u0142ad kt\u00f3rego wchodzili: W\u0142adys\u0142aw Cygan, Janina Kuciapi\u0144ska, Gra\u017cyna Rosenstrauch, Teresa \u015awi\u0105trek, Julian Koral.<\/p>\n<p>Sk\u0142ad Komitetu za\u0142o\u017cycielskiego: W\u0142adys\u0142aw Cygan, Janina Kuciapi\u0144ska, Gra\u017cyna Rosenstrauch, Bo\u017cena Nowowiejska, Kazimierz Tomaszewski, Genowefa Gawlik, Julian Koral, Teresa \u015awi\u0105trek, Kazimierz Cie\u015blak, Teresa Ko\u0142odziej, Jan \u017byromski, Irena Mierzejewska, Alicja Dorociak.<\/p>\n<p>1 lutego 1983 r. odby\u0142o si\u0119 zebranie cz\u0142onk\u00f3w za\u0142o\u017cycieli zwi\u0105zku zawodowego. Liczba za\u0142o\u017cycieli wynosi\u0142a 111 os\u00f3b. Na spotkaniu tym zosta\u0142 zatwierdzony\u00a0 Statut z dnia 1 lutego 1983 r<\/p>\n<p>20 grudnia 1994 r.\u00a0 S\u0105d Wojew\u00f3dzki Wydz. Cywilny we Wroc\u0142awiu na podstawie wniosku Zarz\u0105du Niezale\u017cnego Samorz\u0105dnego Zwi\u0105zku Zawodowego Pracownik\u00f3w Wroc\u0142awskich Zak\u0142ad\u00f3w Zielarskich \u201eHerbapol\u201d we Wroc\u0142awiu zmieni\u0142 nazw\u0119 zwi\u0105zku na Niezale\u017cny Samorz\u0105dny Zwi\u0105zek Zawodowy Pracownik\u00f3w Wroc\u0142awskich Zak\u0142ad\u00f3w Zielarskich \u201eHerbapol\u201d Sp\u00f3\u0142ka Akcyjna. Zmiana nazwy podyktowana by\u0142a przekszta\u0142ceniem przedsi\u0119biorstwa pa\u0144stwowego w Sp\u00f3\u0142k\u0119.<\/p>\n<p>18 maja 2004 r.\u00a0 GUS nada\u0142 numer identyfikacyjny REGON: 932997931,<\/p>\n<p>24 czerwca 2004 r. Naczelnik Urz\u0119du Skarbowego Wroc\u0142aw- Stare Miasto nada\u0142 numer identyfikacji podatkowej NIP 8971694943.<\/p>\n<p>20 maja 2005 r. na Nadzwyczajnym Walnym Zebraniu Delegat\u00f3w Niezale\u017cnego Samorz\u0105dnego Zwi\u0105zku Zawodowego Pracownik\u00f3w Wroc\u0142awskich Zak\u0142ad\u00f3w Zielarskich \u201eHerbapol\u201d SA we Wroc\u0142awiu przyj\u0119to tekst jednolity Statutu, w kt\u00f3rym dokonano wielu zmian. Zmian dokonano r\u00f3wnie\u017c w Ordynacji Wyborczej.<\/p>\n<p>28 listopada 2008 r. zwo\u0142ano Nadzwyczajne Walne Zebranie Delegat\u00f3w, na kt\u00f3rym Przewodnicz\u0105ca zrezygnowa\u0142a z pe\u0142nienia tej funkcji i na Przewodnicz\u0105cego zwi\u0105zku wybrano Renat\u0119 Krzemi\u0144sk\u0105-Komenda.<\/p>\n<p>Niezale\u017cny Samorz\u0105dny Zwi\u0105zek Zawodowy Pracownik\u00f3w Wroc\u0142awskich Zak\u0142ad\u00f3w Zielarskich \u201eHerbapol\u201d Sp\u00f3\u0142ka Akcyjna we Wroc\u0142awiu nie jest zrzeszony w ponadzak\u0142adowej organizacji zwi\u0105zkowej.<\/p>\n","protected":false},"excerpt":{"rendered":"<p>W dniu 10 lutego 1983 r. S\u0105d Wojew\u00f3dzki Wydz. Cywilny we Wroc\u0142awiu na podstawie wniosku Komitetu Za\u0142o\u017cycielskiego Niezale\u017cnego Samorz\u0105dnego Zwi\u0105zku Zawodowego Pracownik\u00f3w Wroc\u0142awskich Zak\u0142ad\u00f3w Zielarskich \u201eHerbapol\u201d we Wroc\u0142awiu wpisa\u0142 do rejestru zwi\u0105zk\u00f3w zawodowych Niezale\u017cny Samorz\u0105dny Zwi\u0105zek Zawodowy Pracownik\u00f3w Wroc\u0142awskich Zak\u0142ad\u00f3w Zielarskich \u201eHerbapol\u201d, dzia\u0142aj\u0105cy na obszarze Wroc\u0142awia, Legnicy, Stanowic, Nysy, Kluczborka reprezentowany przez upowa\u017cnionych przedstawicieli Komitetu &#8230; <a title=\"Historia Powstania Zwi\u0105zk\u00f3w Pracowniczych\" class=\"read-more\" href=\"http:\/\/www.nszzprac.wroclaw.herbapol.pl\/index.php\/2018\/09\/30\/o-nas\/\" aria-label=\"Read more about Historia Powstania Zwi\u0105zk\u00f3w Pracowniczych\">Dowiedz si\u0119 wi\u0119cej<\/a><\/p>\n","protected":false},"author":1,"featured_media":0,"comment_status":"closed","ping_status":"open","sticky":false,"template":"","format":"standard","meta":{"footnotes":""},"categories":[1],"tags":[],"class_list":["post-38","post","type-post","status-publish","format-standard","hentry","category-bez-kategorii"],"_links":{"self":[{"href":"http:\/\/www.nszzprac.wroclaw.herbapol.pl\/index.php\/wp-json\/wp\/v2\/posts\/38","targetHints":{"allow":["GET"]}}],"collection":[{"href":"http:\/\/www.nszzprac.wroclaw.herbapol.pl\/index.php\/wp-json\/wp\/v2\/posts"}],"about":[{"href":"http:\/\/www.nszzprac.wroclaw.herbapol.pl\/index.php\/wp-json\/wp\/v2\/types\/post"}],"author":[{"embeddable":true,"href":"http:\/\/www.nszzprac.wroclaw.herbapol.pl\/index.php\/wp-json\/wp\/v2\/users\/1"}],"replies":[{"embeddable":true,"href":"http:\/\/www.nszzprac.wroclaw.herbapol.pl\/index.php\/wp-json\/wp\/v2\/comments?post=38"}],"version-history":[{"count":3,"href":"http:\/\/www.nszzprac.wroclaw.herbapol.pl\/index.php\/wp-json\/wp\/v2\/posts\/38\/revisions"}],"predecessor-version":[{"id":61,"href":"http:\/\/www.nszzprac.wroclaw.herbapol.pl\/index.php\/wp-json\/wp\/v2\/posts\/38\/revisions\/61"}],"wp:attachment":[{"href":"http:\/\/www.nszzprac.wroclaw.herbapol.pl\/index.php\/wp-json\/wp\/v2\/media?parent=38"}],"wp:term":[{"taxonomy":"category","embeddable":true,"href":"http:\/\/www.nszzprac.wroclaw.herbapol.pl\/index.php\/wp-json\/wp\/v2\/categories?post=38"},{"taxonomy":"post_tag","embeddable":true,"href":"http:\/\/www.nszzprac.wroclaw.herbapol.pl\/index.php\/wp-json\/wp\/v2\/tags?post=38"}],"curies":[{"name":"wp","href":"https:\/\/api.w.org\/{rel}","templated":true}]}}